{"id":1727,"date":"2010-12-06T12:03:21","date_gmt":"2010-12-06T10:03:21","guid":{"rendered":"http:\/\/laaventuradelasmatematicas.jesussoto.es\/?p=1727"},"modified":"2010-12-06T12:03:21","modified_gmt":"2010-12-06T10:03:21","slug":"jornada-sobre-competencias-en-matematicas","status":"publish","type":"post","link":"https:\/\/pimedios.jesussoto.es\/?p=1727","title":{"rendered":"Jornada sobre competencias en matem\u00e1ticas"},"content":{"rendered":"<figure style=\"width: 300px\" class=\"wp-caption alignnone\"><a href=\"http:\/\/www.hoy.es\/v\/20101206\/coria\/celebran-unas-jornadas-sobre-20101206.html\"><img loading=\"lazy\" decoding=\"async\" src=\"http:\/\/www.hoy.es\/prensa\/noticias\/201012\/06\/fotos\/3028738.jpg\" alt=\"Jornadas sobre las competencias b\u00e1sicas de las Matem\u00e1ticas\" width=\"300\" height=\"251\" \/><\/a><figcaption class=\"wp-caption-text\">Jos\u00e9 Antonio S\u00e1nchez :: KARPINT<\/figcaption><\/figure>\n<p>Noticia de Eladio Paniagua publicada en Hoy.es.<\/p>\n<p>Entre 15 y 20 profesores de Educaci\u00f3n Secundaria y Bachillerato participar\u00e1n, los d\u00edas 17, 18 y 19 de este mes, en unas jornadas de \u00e1mbito provincial sobre las competencias b\u00e1sicas del \u00e1rea de Matem\u00e1ticas.<\/p>\n<p>Estas jornadas se desarrollar\u00e1n en dos sesiones. El viernes, d\u00eda 17, de 16.00 a 20.00 horas ,y el s\u00e1bado, 18, de 10.00 a 14.00. En ellas se tratar\u00e1 el tema de los principios, conceptos y fundamentos de la Educaci\u00f3n Matem\u00e1tica orientada al desarrollo de las competencias b\u00e1sicas.<\/p>\n<p>Con esta iniciativa, organizada por el Centro de Profesores y Recursos de Coria, se pretenden varios objetivos, entre los que destaca el conocimiento de los principios que fundamentan el desarrollo de procesos did\u00e1cticos orientados a la consecuci\u00f3n de las competencias b\u00e1sicas desde el \u00e1rea de las Matem\u00e1ticas, asevera el asesor de Educaci\u00f3n Secundaria, Jos\u00e9 Antonio S\u00e1nchez de la Calle.<\/p>\n<p>As\u00ed mismo, tambi\u00e9n se pretende conseguir la adquisici\u00f3n de conocimientos y habilidades b\u00e1sicas para realizar una reflexi\u00f3n profunda sobre la pr\u00e1ctica docente usual en este \u00e1rea, mejorando al mismo tiempo la capacidad de an\u00e1lisis y cr\u00edtica.<\/p>\n<p>Estas jornadas van a contar con la presencia de Jos\u00e9 Luis Gonz\u00e1lez Mar\u00ed, catedr\u00e1tico de did\u00e1ctica de la Matem\u00e1tica en la Universidad de M\u00e1laga, y Mariano Real P\u00e9rez, asesor del \u00e1mbito cientifico-tecnol\u00f3gico del Centro del Profesorado en Sevilla y que en la actualidad est\u00e1 en posesi\u00f3n de la Medalla de Extremadura.<\/p>\n<p>Los profesores interesados en participar en estas jornadas pueden obtener m\u00e1s informaci\u00f3n en la p\u00e1gina web del centro,cprcoria@juntaextremadura.net, o contactando con el Centro de Profesores y Recursos de Coria, sito en la calle Peligro n\u00famero 5, o en el tel\u00e9fono 927 50 30 53. El plazo de inscripci\u00f3n finaliza el 16 de diciembre.<\/p>\n<p><strong>Iniciativa<\/strong><\/p>\n<p>Esta iniciativa, seg\u00fan S\u00e1nchez de la Calle, surgi\u00f3 a trav\u00e9s del Departamento de Matem\u00e1ticas del IES Alag\u00f3n de Coria.<\/p>\n<p>Desde el Centro de Profesores y Recursos de Coria, aseveran que esta iniciativa se ha acogido \u00abcon satisfacci\u00f3n\u00bb.<\/p>\n<p>Esta actividad constituye una de las l\u00edneas directrices de la Consejer\u00eda de Educaci\u00f3n de la Junta de Extremadura, preocupada por la mejora en la calidad de la ense\u00f1anza.<\/p>\n<h3>Enlace de inter\u00e9s<\/h3>\n<ul>\n<li><a href=\"http:\/\/www.hoy.es\/v\/20101206\/coria\/celebran-unas-jornadas-sobre-20101206.html\" target=\"_blank\">Celebran unas jornadas sobre las competencias b\u00e1sicas de las Matem\u00e1ticas<\/a><\/li>\n<\/ul>\n","protected":false},"excerpt":{"rendered":"<p>Noticia de Eladio Paniagua publicada en Hoy.es. Entre 15 y 20 profesores de Educaci\u00f3n Secundaria y Bachillerato participar\u00e1n, los d\u00edas 17, 18 y 19 de este mes, en unas jornadas de \u00e1mbito provincial sobre las competencias b\u00e1sicas del \u00e1rea de Matem\u00e1ticas. Estas jornadas se desarrollar\u00e1n en dos sesiones. El viernes, d\u00eda 17, de 16.00 a&hellip; <a class=\"more-link\" href=\"https:\/\/pimedios.jesussoto.es\/?p=1727\">Seguir leyendo <span class=\"screen-reader-text\">Jornada sobre competencias en matem\u00e1ticas<\/span><\/a><\/p>\n","protected":false},"author":2,"featured_media":0,"comment_status":"open","ping_status":"open","sticky":false,"template":"","format":"standard","meta":{"footnotes":""},"categories":[4],"tags":[78,117,323],"class_list":["post-1727","post","type-post","status-publish","format-standard","hentry","category-congresos-2","tag-competencias","tag-educacion","tag-secundaria","entry"],"_links":{"self":[{"href":"https:\/\/pimedios.jesussoto.es\/index.php?rest_route=\/wp\/v2\/posts\/1727","targetHints":{"allow":["GET"]}}],"collection":[{"href":"https:\/\/pimedios.jesussoto.es\/index.php?rest_route=\/wp\/v2\/posts"}],"about":[{"href":"https:\/\/pimedios.jesussoto.es\/index.php?rest_route=\/wp\/v2\/types\/post"}],"author":[{"embeddable":true,"href":"https:\/\/pimedios.jesussoto.es\/index.php?rest_route=\/wp\/v2\/users\/2"}],"replies":[{"embeddable":true,"href":"https:\/\/pimedios.jesussoto.es\/index.php?rest_route=%2Fwp%2Fv2%2Fcomments&post=1727"}],"version-history":[{"count":0,"href":"https:\/\/pimedios.jesussoto.es\/index.php?rest_route=\/wp\/v2\/posts\/1727\/revisions"}],"wp:attachment":[{"href":"https:\/\/pimedios.jesussoto.es\/index.php?rest_route=%2Fwp%2Fv2%2Fmedia&parent=1727"}],"wp:term":[{"taxonomy":"category","embeddable":true,"href":"https:\/\/pimedios.jesussoto.es\/index.php?rest_route=%2Fwp%2Fv2%2Fcategories&post=1727"},{"taxonomy":"post_tag","embeddable":true,"href":"https:\/\/pimedios.jesussoto.es\/index.php?rest_route=%2Fwp%2Fv2%2Ftags&post=1727"}],"curies":[{"name":"wp","href":"https:\/\/api.w.org\/{rel}","templated":true}]}}