{"id":1788,"date":"2010-12-14T18:59:56","date_gmt":"2010-12-14T16:59:56","guid":{"rendered":"http:\/\/laaventuradelasmatematicas.jesussoto.es\/?p=1788"},"modified":"2010-12-14T18:59:56","modified_gmt":"2010-12-14T16:59:56","slug":"canek","status":"publish","type":"post","link":"https:\/\/pimedios.jesussoto.es\/?p=1788","title":{"rendered":"Canek"},"content":{"rendered":"<p>Canek habl\u00f3 a Guy:<\/p>\n<p>-Mira el cielo; cuenta las estrellas.<\/p>\n<p>-No se pueden contar.<\/p>\n<p>Canek volvi\u00f3 a decir:<\/p>\n<p>-Mira la tierra; cuenta los granos de arena.<\/p>\n<p>-No se pueden contar.<\/p>\n<p>Canek dijo entonces:<\/p>\n<p>-Aunque no se conozca, existe el n\u00famero de las estrellas y el n\u00famero de los granos de arena. Pero lo que existe y no se puede contar y se siente aqu\u00ed dentro, exige una palabra para decirlo. Esta palabra, en este caso, ser\u00eda inmensidad. Es como una palabra h\u00fameda de misterio. Con ella no se necesita contar ni las estrellas ni los granos de arena. Hemos cambiado el conocimiento por la emoci\u00f3n: que es tambi\u00e9n una manera de penetrar en la verdad de las cosas.<\/p>\n<p style=\"text-align: right;\">Emilio Abreu C\u00f3mez.<\/p>\n<p style=\"text-align: right;\">CANEK. Historia y leyenda de un h\u00e9roe maya.<\/p>\n<p style=\"text-align: right;\">(1995, 7\u00aa ed) Colof\u00f3n. M\u00e9xico, D.F.<\/p>\n<p>Extra\u00eddo del art\u00edculo <em>El modelo estad\u00edstico desde la perspectiva cualitativa<\/em> de Jos\u00e9 M\u00aa Arribas Macho.<\/p>\n<p>(Esta entrada va a formar parte de la\u00a0<a href=\"http:\/\/sentadoenlatrebede.blogspot.com\/2010\/12\/ix-carnaval-de-matematicas-en-la.html\">IX Edici\u00f3n<\/a> del\u00a0<a href=\"http:\/\/carnavaldematematicas.drupalgardens.com\/\">Carnaval de Matem\u00e1ticas<\/a> cuyo anfitri\u00f3n es el blog\u00a0<a href=\"http:\/\/sentadoenlatrebede.blogspot.com\/\">Rescoldos en la Tr\u00e9bede<\/a>)<\/p>\n","protected":false},"excerpt":{"rendered":"<p>Canek habl\u00f3 a Guy: -Mira el cielo; cuenta las estrellas. -No se pueden contar. Canek volvi\u00f3 a decir: -Mira la tierra; cuenta los granos de arena. -No se pueden contar. Canek dijo entonces: -Aunque no se conozca, existe el n\u00famero de las estrellas y el n\u00famero de los granos de arena. Pero lo que existe&hellip; <a class=\"more-link\" href=\"https:\/\/pimedios.jesussoto.es\/?p=1788\">Seguir leyendo <span class=\"screen-reader-text\">Canek<\/span><\/a><\/p>\n","protected":false},"author":2,"featured_media":0,"comment_status":"open","ping_status":"open","sticky":false,"template":"","format":"standard","meta":{"footnotes":""},"categories":[8],"tags":[],"class_list":["post-1788","post","type-post","status-publish","format-standard","hentry","category-ocio","entry"],"_links":{"self":[{"href":"https:\/\/pimedios.jesussoto.es\/index.php?rest_route=\/wp\/v2\/posts\/1788","targetHints":{"allow":["GET"]}}],"collection":[{"href":"https:\/\/pimedios.jesussoto.es\/index.php?rest_route=\/wp\/v2\/posts"}],"about":[{"href":"https:\/\/pimedios.jesussoto.es\/index.php?rest_route=\/wp\/v2\/types\/post"}],"author":[{"embeddable":true,"href":"https:\/\/pimedios.jesussoto.es\/index.php?rest_route=\/wp\/v2\/users\/2"}],"replies":[{"embeddable":true,"href":"https:\/\/pimedios.jesussoto.es\/index.php?rest_route=%2Fwp%2Fv2%2Fcomments&post=1788"}],"version-history":[{"count":0,"href":"https:\/\/pimedios.jesussoto.es\/index.php?rest_route=\/wp\/v2\/posts\/1788\/revisions"}],"wp:attachment":[{"href":"https:\/\/pimedios.jesussoto.es\/index.php?rest_route=%2Fwp%2Fv2%2Fmedia&parent=1788"}],"wp:term":[{"taxonomy":"category","embeddable":true,"href":"https:\/\/pimedios.jesussoto.es\/index.php?rest_route=%2Fwp%2Fv2%2Fcategories&post=1788"},{"taxonomy":"post_tag","embeddable":true,"href":"https:\/\/pimedios.jesussoto.es\/index.php?rest_route=%2Fwp%2Fv2%2Ftags&post=1788"}],"curies":[{"name":"wp","href":"https:\/\/api.w.org\/{rel}","templated":true}]}}