{"id":3271,"date":"2012-04-11T17:14:47","date_gmt":"2012-04-11T15:14:47","guid":{"rendered":"http:\/\/pimedios.es\/?p=3271"},"modified":"2012-04-11T17:14:47","modified_gmt":"2012-04-11T15:14:47","slug":"stephen-smale-en-el-ciclo-de-conferencias-ci3","status":"publish","type":"post","link":"https:\/\/pimedios.jesussoto.es\/?p=3271","title":{"rendered":"Stephen Smale en el Ciclo de Conferencias CI3"},"content":{"rendered":"<p><a href=\"http:\/\/www.mincyt.gob.ar\/multimedia\/imagen\/recortadas\/Smale.jpg\"><img loading=\"lazy\" decoding=\"async\" class=\"alignnone\" src=\"http:\/\/www.mincyt.gob.ar\/multimedia\/imagen\/recortadas\/Smale.jpg\" alt=\"\" width=\"324\" height=\"166\" \/><\/a>Estos d\u00edas los medios de difusi\u00f3n de Argentina est\u00e1n dando a conocer la intervenci\u00f3n de Stephen Smale en la segunda jornada del\u00a0Ciclo de Conferencias CI3.<\/p>\n<p>Stephen Smale y el bi\u00f3logo Alejandro Colman-Lerner disertaron acerca de sus respectivos hallazgos cient\u00edficos a trav\u00e9s de investigaciones que implicaron trabajos interdisciplinarios.<\/p>\n<blockquote><p>\u201cLas matem\u00e1ticas son una herramienta fundamental para los nuevos hallazgos en biolog\u00eda y medicina\u201d<\/p><\/blockquote>\n<h3>Enlaces de inter\u00e9s<\/h3>\n<ul>\n<li>\u201c<a href=\"http:\/\/www.mincyt.gob.ar\/noticias\/noticias_detalles.php?id_noticia=894\" target=\"_blank\">Las matem\u00e1ticas son una herramienta fundamental para los nuevos hallazgos en biolog\u00eda y medicina\u201d<\/a><\/li>\n<li><a href=\"http:\/\/www.tiempopyme.com\/despachos.asp?cod_des=114650&amp;ID_Seccion=133\" target=\"_blank\">tiempopyme.com<\/a><\/li>\n<\/ul>\n","protected":false},"excerpt":{"rendered":"<p>En la segunda jornada del Ciclo de Conferencias CI3, el matem\u00e1tico Stephen Smale se refiri\u00f3 a la importancia del trabajo interdisciplinario para el avance de las ciencias.<\/p>\n","protected":false},"author":5,"featured_media":0,"comment_status":"open","ping_status":"open","sticky":false,"template":"","format":"standard","meta":{"footnotes":""},"categories":[3,9],"tags":[65,338],"class_list":["post-3271","post","type-post","status-publish","format-standard","hentry","category-actualidad","category-personajes","tag-ciclo-de-conferencias-ci3","tag-stephen-smale","entry"],"_links":{"self":[{"href":"https:\/\/pimedios.jesussoto.es\/index.php?rest_route=\/wp\/v2\/posts\/3271","targetHints":{"allow":["GET"]}}],"collection":[{"href":"https:\/\/pimedios.jesussoto.es\/index.php?rest_route=\/wp\/v2\/posts"}],"about":[{"href":"https:\/\/pimedios.jesussoto.es\/index.php?rest_route=\/wp\/v2\/types\/post"}],"author":[{"embeddable":true,"href":"https:\/\/pimedios.jesussoto.es\/index.php?rest_route=\/wp\/v2\/users\/5"}],"replies":[{"embeddable":true,"href":"https:\/\/pimedios.jesussoto.es\/index.php?rest_route=%2Fwp%2Fv2%2Fcomments&post=3271"}],"version-history":[{"count":0,"href":"https:\/\/pimedios.jesussoto.es\/index.php?rest_route=\/wp\/v2\/posts\/3271\/revisions"}],"wp:attachment":[{"href":"https:\/\/pimedios.jesussoto.es\/index.php?rest_route=%2Fwp%2Fv2%2Fmedia&parent=3271"}],"wp:term":[{"taxonomy":"category","embeddable":true,"href":"https:\/\/pimedios.jesussoto.es\/index.php?rest_route=%2Fwp%2Fv2%2Fcategories&post=3271"},{"taxonomy":"post_tag","embeddable":true,"href":"https:\/\/pimedios.jesussoto.es\/index.php?rest_route=%2Fwp%2Fv2%2Ftags&post=3271"}],"curies":[{"name":"wp","href":"https:\/\/api.w.org\/{rel}","templated":true}]}}