{"id":4732,"date":"2015-11-12T23:35:06","date_gmt":"2015-11-12T21:35:06","guid":{"rendered":"http:\/\/pimedios.es\/?p=4732"},"modified":"2015-11-12T23:35:06","modified_gmt":"2015-11-12T21:35:06","slug":"deflexion-gravitacional-de-la-luz","status":"publish","type":"post","link":"https:\/\/pimedios.jesussoto.es\/?p=4732","title":{"rendered":"Deflexi\u00f3n gravitacional de la luz"},"content":{"rendered":"<p><img loading=\"lazy\" decoding=\"async\" class=\"alignnone size-full wp-image-4733\" src=\"http:\/\/pimedios.es\/wp-content\/uploads\/2015\/11\/deflexion-gravitacional.jpeg\" alt=\"deflexion-gravitacional\" width=\"268\" height=\"267\" srcset=\"https:\/\/pimedios.jesussoto.es\/wp-content\/uploads\/2015\/11\/deflexion-gravitacional.jpeg 268w, https:\/\/pimedios.jesussoto.es\/wp-content\/uploads\/2015\/11\/deflexion-gravitacional-150x150.jpeg 150w\" sizes=\"auto, (max-width: 268px) 100vw, 268px\" \/> El 25 de noviembre de 1915 cambi\u00f3 la concepci\u00f3n f\u00edsica de la ciencia, Albert Einstein presentaba la teor\u00eda de la relatividad general. Para recordar tan magno suceso se est\u00e1n realizando eventos que lo conmemoran, por ejemplo <a href=\"http:\/\/elpais.com\/elpais\/2015\/11\/09\/ciencia\/1447065655_670453.html\" target=\"_blank\">La noche de la ciencia: 100 A\u00f1os de Relatividad General<\/a>. Desde aqu\u00ed nos unimos con esta peque\u00f1a p\u00edldora.<\/p>\n<p><iframe loading=\"lazy\" src=\"https:\/\/www.youtube.com\/embed\/ti273yHku1s\" width=\"560\" height=\"315\" frameborder=\"0\" allowfullscreen=\"allowfullscreen\"><\/iframe><\/p>\n<p>M\u00e1s informaci\u00f3n en el art\u00edculo <a href=\"https:\/\/losmundosdebrana.wordpress.com\/2013\/03\/14\/el-eclipse-de-la-fisica-newtoniana\/\" rel=\"bookmark\">Cuando Einstein eclips\u00f3 a\u00a0Newton<\/a> de\u00a0<a title=\"Los Mundos de Brana\" href=\"https:\/\/losmundosdebrana.wordpress.com\/\" rel=\"home\">Los Mundos de Brana<\/a>.<\/p>\n","protected":false},"excerpt":{"rendered":"<p>La fotograf\u00eda que confirm\u00f3 la deflexi\u00f3n gravitacional de la luz que afirmaba teor\u00eda la relatividad general.<\/p>\n","protected":false},"author":5,"featured_media":0,"comment_status":"open","ping_status":"open","sticky":false,"template":"","format":"standard","meta":{"footnotes":""},"categories":[6,9],"tags":[17,478],"class_list":["post-4732","post","type-post","status-publish","format-standard","hentry","category-historia","category-personajes","tag-albert-einstein","tag-ucam-knoledge-pills","entry"],"_links":{"self":[{"href":"https:\/\/pimedios.jesussoto.es\/index.php?rest_route=\/wp\/v2\/posts\/4732","targetHints":{"allow":["GET"]}}],"collection":[{"href":"https:\/\/pimedios.jesussoto.es\/index.php?rest_route=\/wp\/v2\/posts"}],"about":[{"href":"https:\/\/pimedios.jesussoto.es\/index.php?rest_route=\/wp\/v2\/types\/post"}],"author":[{"embeddable":true,"href":"https:\/\/pimedios.jesussoto.es\/index.php?rest_route=\/wp\/v2\/users\/5"}],"replies":[{"embeddable":true,"href":"https:\/\/pimedios.jesussoto.es\/index.php?rest_route=%2Fwp%2Fv2%2Fcomments&post=4732"}],"version-history":[{"count":1,"href":"https:\/\/pimedios.jesussoto.es\/index.php?rest_route=\/wp\/v2\/posts\/4732\/revisions"}],"predecessor-version":[{"id":4734,"href":"https:\/\/pimedios.jesussoto.es\/index.php?rest_route=\/wp\/v2\/posts\/4732\/revisions\/4734"}],"wp:attachment":[{"href":"https:\/\/pimedios.jesussoto.es\/index.php?rest_route=%2Fwp%2Fv2%2Fmedia&parent=4732"}],"wp:term":[{"taxonomy":"category","embeddable":true,"href":"https:\/\/pimedios.jesussoto.es\/index.php?rest_route=%2Fwp%2Fv2%2Fcategories&post=4732"},{"taxonomy":"post_tag","embeddable":true,"href":"https:\/\/pimedios.jesussoto.es\/index.php?rest_route=%2Fwp%2Fv2%2Ftags&post=4732"}],"curies":[{"name":"wp","href":"https:\/\/api.w.org\/{rel}","templated":true}]}}